{"id":1581,"date":"2026-04-26T16:25:01","date_gmt":"2026-04-26T14:25:01","guid":{"rendered":"https:\/\/www.eichendorffschule-gs-wolfsburg.de\/?p=1581"},"modified":"2026-04-26T16:25:01","modified_gmt":"2026-04-26T14:25:01","slug":"medienerziehung-in-der-grundschule-eichendorff-grundschule-wird-gesiegelt","status":"publish","type":"post","link":"https:\/\/www.eichendorffschule-gs-wolfsburg.de\/index.php\/2026\/04\/26\/medienerziehung-in-der-grundschule-eichendorff-grundschule-wird-gesiegelt\/","title":{"rendered":"Medienerziehung in der Grundschule &#8211; Eichendorff Grundschule wird gesiegelt"},"content":{"rendered":"\n<p>Die Medienerziehung ist eines der wichtigsten Themen in der Bildungspolitik geworden. Wie kann man Kinder schon in der Grundschule bei diesen Themen begleiten? Wie kann ein sinnvoller Umgang gelehrt und gelernt werden? Die Eichendorff Grundschule hat sich auf den Weg gemacht und wird im September 2026 ausgezeichnet. &#8222;Wir leisten mit unserer Teilnahme einen wichtigen Beitrag f\u00fcr unsere Sch\u00fclerinnen und Sch\u00fcler&#8220;, erl\u00e4utert die Rektorin Nikola B\u00f6ckermann.<\/p>\n\n\n\n<figure class=\"wp-block-image size-full\"><img loading=\"lazy\" decoding=\"async\" width=\"438\" height=\"640\" src=\"https:\/\/www.eichendorffschule-gs-wolfsburg.de\/wp-content\/uploads\/2026\/04\/IMG_3591.jpeg\" alt=\"\" class=\"wp-image-1582\" srcset=\"https:\/\/www.eichendorffschule-gs-wolfsburg.de\/wp-content\/uploads\/2026\/04\/IMG_3591.jpeg 438w, https:\/\/www.eichendorffschule-gs-wolfsburg.de\/wp-content\/uploads\/2026\/04\/IMG_3591-154x225.jpeg 154w\" sizes=\"auto, (max-width: 438px) 100vw, 438px\" \/><\/figure>\n","protected":false},"excerpt":{"rendered":"<p>Die Medienerziehung ist eines der wichtigsten Themen in der Bildungspolitik geworden. Wie kann man Kinder schon in der Grundschule bei diesen Themen begleiten? Wie kann ein sinnvoller Umgang gelehrt und gelernt werden? Die Eichendorff Grundschule hat sich auf den Weg gemacht und wird im September 2026 ausgezeichnet. &#8222;Wir leisten mit unserer Teilnahme einen wichtigen Beitrag [&hellip;]<\/p>\n","protected":false},"author":1,"featured_media":0,"comment_status":"closed","ping_status":"closed","sticky":false,"template":"","format":"standard","meta":{"footnotes":""},"categories":[1],"tags":[],"class_list":["post-1581","post","type-post","status-publish","format-standard","hentry","category-allgemein"],"_links":{"self":[{"href":"https:\/\/www.eichendorffschule-gs-wolfsburg.de\/index.php\/wp-json\/wp\/v2\/posts\/1581","targetHints":{"allow":["GET"]}}],"collection":[{"href":"https:\/\/www.eichendorffschule-gs-wolfsburg.de\/index.php\/wp-json\/wp\/v2\/posts"}],"about":[{"href":"https:\/\/www.eichendorffschule-gs-wolfsburg.de\/index.php\/wp-json\/wp\/v2\/types\/post"}],"author":[{"embeddable":true,"href":"https:\/\/www.eichendorffschule-gs-wolfsburg.de\/index.php\/wp-json\/wp\/v2\/users\/1"}],"replies":[{"embeddable":true,"href":"https:\/\/www.eichendorffschule-gs-wolfsburg.de\/index.php\/wp-json\/wp\/v2\/comments?post=1581"}],"version-history":[{"count":1,"href":"https:\/\/www.eichendorffschule-gs-wolfsburg.de\/index.php\/wp-json\/wp\/v2\/posts\/1581\/revisions"}],"predecessor-version":[{"id":1583,"href":"https:\/\/www.eichendorffschule-gs-wolfsburg.de\/index.php\/wp-json\/wp\/v2\/posts\/1581\/revisions\/1583"}],"wp:attachment":[{"href":"https:\/\/www.eichendorffschule-gs-wolfsburg.de\/index.php\/wp-json\/wp\/v2\/media?parent=1581"}],"wp:term":[{"taxonomy":"category","embeddable":true,"href":"https:\/\/www.eichendorffschule-gs-wolfsburg.de\/index.php\/wp-json\/wp\/v2\/categories?post=1581"},{"taxonomy":"post_tag","embeddable":true,"href":"https:\/\/www.eichendorffschule-gs-wolfsburg.de\/index.php\/wp-json\/wp\/v2\/tags?post=1581"}],"curies":[{"name":"wp","href":"https:\/\/api.w.org\/{rel}","templated":true}]}}